{"id":84660,"date":"2019-08-06T14:27:28","date_gmt":"2019-08-06T12:27:28","guid":{"rendered":"https:\/\/www.kick-point.com\/?p=84660"},"modified":"2019-08-06T14:48:43","modified_gmt":"2019-08-06T12:48:43","slug":"rewe-promotion-zum-saisonstart-des-bvb","status":"publish","type":"post","link":"https:\/\/www.kick-point.com\/de\/rewe-promotion-zum-saisonstart-des-bvb\/","title":{"rendered":"Rewe-Promotion zum Saisonstart des BVB"},"content":{"rendered":"\n<style type=\"text\/css\" data-created_by=\"avia_inline_auto\" id=\"style-css-av-77dln6f-98e05ad7ef80c3c3becb096323ba74e3\">\n.flex_column.av-77dln6f-98e05ad7ef80c3c3becb096323ba74e3{\nborder-radius:0px 0px 0px 0px;\npadding:0px 0px 0px 0px;\n}\n<\/style>\n<div  class='flex_column av-77dln6f-98e05ad7ef80c3c3becb096323ba74e3 av_one_fifth  avia-builder-el-0  el_before_av_three_fifth  avia-builder-el-first  first flex_column_div av-zero-column-padding  '     ><\/div>\n\n<style type=\"text\/css\" data-created_by=\"avia_inline_auto\" id=\"style-css-av-77dln6f-61c47bbea952cb472ac009bac5a1a179\">\n.flex_column.av-77dln6f-61c47bbea952cb472ac009bac5a1a179{\nborder-radius:0px 0px 0px 0px;\npadding:0px 0px 0px 0px;\n}\n<\/style>\n<div  class='flex_column av-77dln6f-61c47bbea952cb472ac009bac5a1a179 av_three_fifth  avia-builder-el-1  el_after_av_one_fifth  el_before_av_one_fifth  flex_column_div av-zero-column-padding  '     ><p>\n<style type=\"text\/css\" data-created_by=\"avia_inline_auto\" id=\"style-css-av-av_heading-7493863cb6ef26a05fd3a116713115d7\">\n#top .av-special-heading.av-av_heading-7493863cb6ef26a05fd3a116713115d7{\npadding-bottom:10px;\ncolor:#83a846;\n}\nbody .av-special-heading.av-av_heading-7493863cb6ef26a05fd3a116713115d7 .av-special-heading-tag .heading-char{\nfont-size:25px;\n}\n.av-special-heading.av-av_heading-7493863cb6ef26a05fd3a116713115d7 .special-heading-inner-border{\nborder-color:#83a846;\n}\n.av-special-heading.av-av_heading-7493863cb6ef26a05fd3a116713115d7 .av-subheading{\nfont-size:15px;\n}\n<\/style>\n<div  class='av-special-heading av-av_heading-7493863cb6ef26a05fd3a116713115d7 av-special-heading-h2 custom-color-heading  avia-builder-el-2  el_before_av_hr  avia-builder-el-first '><h2 class='av-special-heading-tag'  itemprop=\"headline\"  >Rewe Family Fest<\/h2><div class=\"special-heading-border\"><div class=\"special-heading-inner-border\"><\/div><\/div><\/div><br \/>\n<div  class='hr av-2vzl1hz-6b9a8987f3d6bd0c35275ae71db9391e hr-default  avia-builder-el-3  el_after_av_heading  el_before_av_textblock '><span class='hr-inner '><span class=\"hr-inner-style\"><\/span><\/span><\/div><br \/>\n<section  class='av_textblock_section av-4brvo1j-231673968afe68fc20b1be8c35bc386e '   itemscope=\"itemscope\" itemtype=\"https:\/\/schema.org\/BlogPosting\" itemprop=\"blogPost\" ><div class='avia_textblock'  itemprop=\"text\" ><div class=\"text-wrap tlid-copy-target\">\n<div class=\"result-shield-container tlid-copy-target\" tabindex=\"0\">\n<p><span style=\"font-size: 11.0pt;\">Am ersten Sonntag des Augusts 2019 fand die Rewe-Promotion zur offiziellen Saisoner\u00f6ffnung 2019\/20 des BVB statt. Auch wir waren mit dem <a href=\"https:\/\/www.kick-point.com\/de\/kick-point\/\">Kick-Point<\/a> (unserem elektronischen Fu\u00dfballtor) vor Ort vertreten. Schauplatz des Events war der Parkplatz vor dem Signal-Iduna-Park in Dortmund, worauf ein gro\u00dfe Promotionfl\u00e4che f\u00fcr verschiedenste Sponsoren bereitgestellt wurde, so unter anderem auch ein Areal f\u00fcr die Rewe-Promotion. In eben besagtem Areal stand unser Kick-Point, welcher mit einem Dribbel-Parcours zusammen f\u00fcr ein Gewinnspiel verschiedenster Altersklassen mit attraktiven Preisen Verwendung fand.<\/span><\/p>\n<\/div>\n<\/div>\n<\/div><\/section><br \/>\n\n<style type=\"text\/css\" data-created_by=\"avia_inline_auto\" id=\"style-css-av-5yubg8n-c74e2553eef52687a2c6b7e4eb9aeda6\">\n.avia-accordion.av-5yubg8n-c74e2553eef52687a2c6b7e4eb9aeda6{\nmax-height:375px;\n}\n.avia-accordion.av-5yubg8n-c74e2553eef52687a2c6b7e4eb9aeda6 .aviaccordion-preview{\nwidth:100.1%;\n}\n.avia-accordion .aviaccordion-slide.av-5yubg8n-c74e2553eef52687a2c6b7e4eb9aeda6__0{\nleft:0%;\n}\n<\/style>\n<div  id=\"accordion_slider_1\"  class='aviaccordion avia-accordion av-5yubg8n-c74e2553eef52687a2c6b7e4eb9aeda6 aviaccordion-title-active av-slideshow-manual av-loop-once ' data-slideshow-options=\"{&quot;interval&quot;:5,&quot;autoplay&quot;:false,&quot;loop_autoplay&quot;:&quot;once&quot;}\"  itemscope=\"itemscope\" itemtype=\"https:\/\/schema.org\/Blog\" ><ul class=\"aviaccordion-inner\"><li class='aviaccordion-slide av-5yubg8n-c74e2553eef52687a2c6b7e4eb9aeda6__0 aviaccordion-slide-1' data-av-left='0'  itemscope=\"itemscope\" itemtype=\"https:\/\/schema.org\/BlogPosting\" itemprop=\"blogPost\" ><a class='aviaccordion-slide-link noHover' href=\"https:\/\/www.kick-point.com\/wp-content\/uploads\/20190804_150949-_resized.jpg\" data-srcset=\"https:\/\/www.kick-point.com\/wp-content\/uploads\/20190804_150949-_resized.jpg 640w, https:\/\/www.kick-point.com\/wp-content\/uploads\/20190804_150949-_resized-450x253.jpg 450w\" data-sizes=\"(max-width: 640px) 100vw, 640px\"  title=\"Rewe Family Day Fu\u00dfball Promotion\" ><div class='aviaccordion-preview '><\/div><img loading=\"lazy\" decoding=\"async\" width=\"640\" height=\"360\" src=\"https:\/\/www.kick-point.com\/wp-content\/uploads\/20190804_150949-_resized.jpg\" class=\"aviaccordion-image\" alt=\"\" srcset=\"https:\/\/www.kick-point.com\/wp-content\/uploads\/20190804_150949-_resized.jpg 640w, https:\/\/www.kick-point.com\/wp-content\/uploads\/20190804_150949-_resized-450x253.jpg 450w\" sizes=\"auto, (max-width: 640px) 100vw, 640px\" \/><\/a><\/li><\/ul><div class='aviaccordion-spacer' style='padding-bottom:52.8169014085%'><\/div><\/div><br \/>\n<div  class='hr av-2vzl1hz-6b9a8987f3d6bd0c35275ae71db9391e hr-default  avia-builder-el-6  el_after_av_slideshow_accordion  el_before_av_heading  avia-builder-el-first '><span class='hr-inner '><span class=\"hr-inner-style\"><\/span><\/span><\/div><br \/>\n\n<style type=\"text\/css\" data-created_by=\"avia_inline_auto\" id=\"style-css-av-av_heading-82f965816a926619c9858525b6da62a3\">\n#top .av-special-heading.av-av_heading-82f965816a926619c9858525b6da62a3{\npadding-bottom:10px;\ncolor:#83a846;\n}\nbody .av-special-heading.av-av_heading-82f965816a926619c9858525b6da62a3 .av-special-heading-tag .heading-char{\nfont-size:25px;\n}\n.av-special-heading.av-av_heading-82f965816a926619c9858525b6da62a3 .special-heading-inner-border{\nborder-color:#83a846;\n}\n.av-special-heading.av-av_heading-82f965816a926619c9858525b6da62a3 .av-subheading{\nfont-size:15px;\n}\n<\/style>\n<div  class='av-special-heading av-av_heading-82f965816a926619c9858525b6da62a3 av-special-heading-h2 custom-color-heading  avia-builder-el-7  el_after_av_hr  el_before_av_textblock '><h2 class='av-special-heading-tag'  itemprop=\"headline\"  >Rewe-Promotion Gewinnspiel \u2013 Die Details<\/h2><div class=\"special-heading-border\"><div class=\"special-heading-inner-border\"><\/div><\/div><\/div><br \/>\n<section  class='av_textblock_section av-jxn2wxfv-23401f053dfe3b07f08b4db896cc2980 '   itemscope=\"itemscope\" itemtype=\"https:\/\/schema.org\/BlogPosting\" itemprop=\"blogPost\" ><div class='avia_textblock'  itemprop=\"text\" ><p>Die Gewinnspiele, welche getrennt an unserem Kick-Point und an dem gegen\u00fcberliegenden <a href=\"https:\/\/www.kick-point.com\/de\/weitere-fussballmodule\/dribble-parcours\/\">Dribbel-Parcours<\/a> stattfanden waren in unterschiedliche Altersklassen eingeteilt.Teilnehmen konnten Kinder ab 5, eine Obergrenze bzgl. des Alters der Teilnehmer gab es nicht, wodurch folgende Altersklassen gegeneinander antraten:<\/p>\n<p style=\"padding-left: 40px;\">Kinder ab 5 bis 7<\/p>\n<p style=\"padding-left: 40px;\">Kinder zwischen 7 und 12<\/p>\n<p style=\"padding-left: 40px;\">Personen ab 13<\/p>\n<p>Der Zeitraum, in welchem das Gewinnspiel stattfand war von der Er\u00f6ffnung, ab 10 Uhr bis um 15 Uhr am Nachmittag, sodass die Teilnahmezettel in Ruhe ausgewertet und die Siegerehrung ab 15:30 Uhr stattfinden konnte.Die Gewinner des Kick-Point waren jeweils eine Person aus der jeweiligen Altersklasse, welche die h\u00f6chste Punktzahl erzielte.Beim Dribbel-Parcours war es die Aufgabe am schnellsten den abgesteckten Parcours zu absolvieren.Zu gewinnen gab es, f\u00fcr die ersten beiden Altersklassen, die M\u00f6glichkeit als Einlaufkind beim Heimspiel des BVB die Mannschaft aufs Feld zu begleiten.Die Gewinner der h\u00f6chsten Altersstufe bekamen, au\u00dfer dem Applaus der Zuschauer der Siegerehrung, ein Ticket f\u00fcr ein Heimspiel des BVB.<\/p>\n<\/div><\/section><br \/>\n\n<style type=\"text\/css\" data-created_by=\"avia_inline_auto\" id=\"style-css-av-5yubg8n-c74e2553eef52687a2c6b7e4eb9aeda6\">\n.avia-accordion.av-5yubg8n-c74e2553eef52687a2c6b7e4eb9aeda6{\nmax-height:375px;\n}\n.avia-accordion.av-5yubg8n-c74e2553eef52687a2c6b7e4eb9aeda6 .aviaccordion-preview{\nwidth:100.1%;\n}\n.avia-accordion .aviaccordion-slide.av-5yubg8n-c74e2553eef52687a2c6b7e4eb9aeda6__0{\nleft:0%;\n}\n<\/style>\n<div  id=\"accordion_slider_2\"  class='aviaccordion avia-accordion av-5yubg8n-c74e2553eef52687a2c6b7e4eb9aeda6 aviaccordion-title-active av-slideshow-manual av-loop-once ' data-slideshow-options=\"{&quot;interval&quot;:5,&quot;autoplay&quot;:false,&quot;loop_autoplay&quot;:&quot;once&quot;}\"  itemscope=\"itemscope\" itemtype=\"https:\/\/schema.org\/Blog\" ><ul class=\"aviaccordion-inner\"><li class='aviaccordion-slide av-5yubg8n-c74e2553eef52687a2c6b7e4eb9aeda6__0 aviaccordion-slide-1' data-av-left='0'  itemscope=\"itemscope\" itemtype=\"https:\/\/schema.org\/BlogPosting\" itemprop=\"blogPost\" ><a class='aviaccordion-slide-link noHover' href=\"https:\/\/www.kick-point.com\/wp-content\/uploads\/20190804_150949-_resized.jpg\" data-srcset=\"https:\/\/www.kick-point.com\/wp-content\/uploads\/20190804_150949-_resized.jpg 640w, https:\/\/www.kick-point.com\/wp-content\/uploads\/20190804_150949-_resized-450x253.jpg 450w\" data-sizes=\"(max-width: 640px) 100vw, 640px\"  title=\"Rewe Family Day Fu\u00dfball Promotion\" ><div class='aviaccordion-preview '><\/div><img loading=\"lazy\" decoding=\"async\" width=\"640\" height=\"360\" src=\"https:\/\/www.kick-point.com\/wp-content\/uploads\/20190804_150949-_resized.jpg\" class=\"aviaccordion-image\" alt=\"\" srcset=\"https:\/\/www.kick-point.com\/wp-content\/uploads\/20190804_150949-_resized.jpg 640w, https:\/\/www.kick-point.com\/wp-content\/uploads\/20190804_150949-_resized-450x253.jpg 450w\" sizes=\"auto, (max-width: 640px) 100vw, 640px\" \/><\/a><\/li><\/ul><div class='aviaccordion-spacer' style='padding-bottom:52.8169014085%'><\/div><\/div><br \/>\n<div  class='hr av-2vzl1hz-6b9a8987f3d6bd0c35275ae71db9391e hr-default  avia-builder-el-10  el_after_av_slideshow_accordion  el_before_av_heading  avia-builder-el-first '><span class='hr-inner '><span class=\"hr-inner-style\"><\/span><\/span><\/div><br \/>\n\n<style type=\"text\/css\" data-created_by=\"avia_inline_auto\" id=\"style-css-av-av_heading-12335f106ac117dd9e86f8c5481d1cf9\">\n#top .av-special-heading.av-av_heading-12335f106ac117dd9e86f8c5481d1cf9{\npadding-bottom:10px;\ncolor:#83a846;\n}\nbody .av-special-heading.av-av_heading-12335f106ac117dd9e86f8c5481d1cf9 .av-special-heading-tag .heading-char{\nfont-size:25px;\n}\n.av-special-heading.av-av_heading-12335f106ac117dd9e86f8c5481d1cf9 .special-heading-inner-border{\nborder-color:#83a846;\n}\n.av-special-heading.av-av_heading-12335f106ac117dd9e86f8c5481d1cf9 .av-subheading{\nfont-size:15px;\n}\n<\/style>\n<div  class='av-special-heading av-av_heading-12335f106ac117dd9e86f8c5481d1cf9 av-special-heading-h2 custom-color-heading  avia-builder-el-11  el_after_av_hr  el_before_av_hr '><h2 class='av-special-heading-tag'  itemprop=\"headline\"  >Roman Weidenfeller am Kick-Point<\/h2><div class=\"special-heading-border\"><div class=\"special-heading-inner-border\"><\/div><\/div><\/div><br \/>\n<div  class='hr av-23vopqv-4d3946507fd211c1c5571f1c63d360e2 hr-default  avia-builder-el-12  el_after_av_heading  el_before_av_textblock '><span class='hr-inner '><span class=\"hr-inner-style\"><\/span><\/span><\/div><br \/>\n<section  class='av_textblock_section av-190puxj-944c2de1734908fc5b06d830e4a29325 '   itemscope=\"itemscope\" itemtype=\"https:\/\/schema.org\/BlogPosting\" itemprop=\"blogPost\" ><div class='avia_textblock'  itemprop=\"text\" ><p><span style=\"font-size: 11.0pt;\">Gegen 12 Uhr sah der Zeitplan der Rewe-Promotion vor, dass die <a href=\"https:\/\/www.facebook.com\/BVB\/?__tn__=%2Cd%2CP-R&amp;eid=ARC0PahwDsa66xZOpiR3Ue8_DQbs0CDeCU4Dc8XkVF4ZdF-HIESIlNpxSUnLrxIdNfP1i_CETQQLudMt\">BVB<\/a> Torwart-Ikone Roman Weidenfeller zu uns an den Kick-Point kommt, um dort auch ein bisschen zu kicken. Das eintreffen Weidenfellers war dank der Menschentraube, welche sich um ihn bildete, kaum zu verpassen. Nach zahlreichen Autogrammen und gemacht Selfies mit Fans war es nun soweit und auch Roman Weidenfeller legte sich den Ball zurecht, um ein Paar Sch\u00fcsse zu t\u00e4tigen und dann immer noch von Fans umringt zum n\u00e4chsten Termin weiterzuziehen.<\/span><\/p>\n<\/div><\/section><br \/>\n<div  class='hr av-121piaf-86a68a5e6e78149dbe01af773a576673 hr-default  avia-builder-el-14  el_after_av_textblock  avia-builder-el-last '><span class='hr-inner '><span class=\"hr-inner-style\"><\/span><\/span><\/div><\/p><\/div>\n<style type=\"text\/css\" data-created_by=\"avia_inline_auto\" id=\"style-css-av-2jm2div-285f7d772923cc0c39bd5c3f52c782df\">\n.flex_column.av-2jm2div-285f7d772923cc0c39bd5c3f52c782df{\nborder-radius:0px 0px 0px 0px;\npadding:0px 0px 0px 0px;\n}\n<\/style>\n<div  class='flex_column av-2jm2div-285f7d772923cc0c39bd5c3f52c782df av_one_fifth  avia-builder-el-15  el_after_av_three_fifth  avia-builder-el-last  flex_column_div av-zero-column-padding  '     ><\/div><\/p>\n","protected":false},"excerpt":{"rendered":"","protected":false},"author":12,"featured_media":0,"comment_status":"closed","ping_status":"closed","sticky":false,"template":"","format":"standard","meta":{"footnotes":""},"categories":[1],"tags":[],"class_list":["post-84660","post","type-post","status-publish","format-standard","hentry","category-blog"],"yoast_head":"<!-- This site is optimized with the Yoast SEO plugin v22.8 - https:\/\/yoast.com\/wordpress\/plugins\/seo\/ -->\n<title>Rewe-Promotion zum Saisonstart des BVB<\/title>\n<meta name=\"description\" content=\"Am ersten Sonntag des Augusts 2019 fand die Rewe-Promotion zur offiziellen Saisoner\u00f6ffnung 2019\/20 des BVB statt. Der Kick-Point war vor Ort\" \/>\n<meta name=\"robots\" content=\"index, follow, max-snippet:-1, max-image-preview:large, max-video-preview:-1\" \/>\n<link rel=\"canonical\" href=\"https:\/\/www.kick-point.com\/de\/rewe-promotion-zum-saisonstart-des-bvb\/\" \/>\n<meta property=\"og:locale\" content=\"de_DE\" \/>\n<meta property=\"og:type\" content=\"article\" \/>\n<meta property=\"og:title\" content=\"Rewe-Promotion zum Saisonstart des BVB\" \/>\n<meta property=\"og:description\" content=\"Am ersten Sonntag des Augusts 2019 fand die Rewe-Promotion zur offiziellen Saisoner\u00f6ffnung 2019\/20 des BVB statt. Der Kick-Point war vor Ort\" \/>\n<meta property=\"og:url\" content=\"https:\/\/www.kick-point.com\/de\/rewe-promotion-zum-saisonstart-des-bvb\/\" \/>\n<meta property=\"og:site_name\" content=\"Kick-Point\" \/>\n<meta property=\"article:published_time\" content=\"2019-08-06T12:27:28+00:00\" \/>\n<meta property=\"article:modified_time\" content=\"2019-08-06T12:48:43+00:00\" \/>\n<meta name=\"author\" content=\"Bastian\" \/>\n<meta name=\"twitter:label1\" content=\"Verfasst von\" \/>\n\t<meta name=\"twitter:data1\" content=\"Bastian\" \/>\n\t<meta name=\"twitter:label2\" content=\"Gesch\u00e4tzte Lesezeit\" \/>\n\t<meta name=\"twitter:data2\" content=\"7\u00a0Minuten\" \/>\n<script type=\"application\/ld+json\" class=\"yoast-schema-graph\">{\"@context\":\"https:\/\/schema.org\",\"@graph\":[{\"@type\":\"WebPage\",\"@id\":\"https:\/\/www.kick-point.com\/de\/rewe-promotion-zum-saisonstart-des-bvb\/\",\"url\":\"https:\/\/www.kick-point.com\/de\/rewe-promotion-zum-saisonstart-des-bvb\/\",\"name\":\"Rewe-Promotion zum Saisonstart des BVB\",\"isPartOf\":{\"@id\":\"https:\/\/www.kick-point.com\/de\/#website\"},\"datePublished\":\"2019-08-06T12:27:28+00:00\",\"dateModified\":\"2019-08-06T12:48:43+00:00\",\"author\":{\"@id\":\"https:\/\/www.kick-point.com\/de\/#\/schema\/person\/0d4febd75b0529e26699f6a80aad67b3\"},\"description\":\"Am ersten Sonntag des Augusts 2019 fand die Rewe-Promotion zur offiziellen Saisoner\u00f6ffnung 2019\/20 des BVB statt. Der Kick-Point war vor Ort\",\"inLanguage\":\"de\",\"potentialAction\":[{\"@type\":\"ReadAction\",\"target\":[\"https:\/\/www.kick-point.com\/de\/rewe-promotion-zum-saisonstart-des-bvb\/\"]}]},{\"@type\":\"WebSite\",\"@id\":\"https:\/\/www.kick-point.com\/de\/#website\",\"url\":\"https:\/\/www.kick-point.com\/de\/\",\"name\":\"Kick-Point\",\"description\":\"Events und Event-Module rund um das elektronische Fu\u00dfballtor\",\"potentialAction\":[{\"@type\":\"SearchAction\",\"target\":{\"@type\":\"EntryPoint\",\"urlTemplate\":\"https:\/\/www.kick-point.com\/de\/?s={search_term_string}\"},\"query-input\":\"required name=search_term_string\"}],\"inLanguage\":\"de\"},{\"@type\":\"Person\",\"@id\":\"https:\/\/www.kick-point.com\/de\/#\/schema\/person\/0d4febd75b0529e26699f6a80aad67b3\",\"name\":\"Bastian\"}]}<\/script>\n<!-- \/ Yoast SEO plugin. -->","yoast_head_json":{"title":"Rewe-Promotion zum Saisonstart des BVB","description":"Am ersten Sonntag des Augusts 2019 fand die Rewe-Promotion zur offiziellen Saisoner\u00f6ffnung 2019\/20 des BVB statt. Der Kick-Point war vor Ort","robots":{"index":"index","follow":"follow","max-snippet":"max-snippet:-1","max-image-preview":"max-image-preview:large","max-video-preview":"max-video-preview:-1"},"canonical":"https:\/\/www.kick-point.com\/de\/rewe-promotion-zum-saisonstart-des-bvb\/","og_locale":"de_DE","og_type":"article","og_title":"Rewe-Promotion zum Saisonstart des BVB","og_description":"Am ersten Sonntag des Augusts 2019 fand die Rewe-Promotion zur offiziellen Saisoner\u00f6ffnung 2019\/20 des BVB statt. Der Kick-Point war vor Ort","og_url":"https:\/\/www.kick-point.com\/de\/rewe-promotion-zum-saisonstart-des-bvb\/","og_site_name":"Kick-Point","article_published_time":"2019-08-06T12:27:28+00:00","article_modified_time":"2019-08-06T12:48:43+00:00","author":"Bastian","twitter_misc":{"Verfasst von":"Bastian","Gesch\u00e4tzte Lesezeit":"7\u00a0Minuten"},"schema":{"@context":"https:\/\/schema.org","@graph":[{"@type":"WebPage","@id":"https:\/\/www.kick-point.com\/de\/rewe-promotion-zum-saisonstart-des-bvb\/","url":"https:\/\/www.kick-point.com\/de\/rewe-promotion-zum-saisonstart-des-bvb\/","name":"Rewe-Promotion zum Saisonstart des BVB","isPartOf":{"@id":"https:\/\/www.kick-point.com\/de\/#website"},"datePublished":"2019-08-06T12:27:28+00:00","dateModified":"2019-08-06T12:48:43+00:00","author":{"@id":"https:\/\/www.kick-point.com\/de\/#\/schema\/person\/0d4febd75b0529e26699f6a80aad67b3"},"description":"Am ersten Sonntag des Augusts 2019 fand die Rewe-Promotion zur offiziellen Saisoner\u00f6ffnung 2019\/20 des BVB statt. Der Kick-Point war vor Ort","inLanguage":"de","potentialAction":[{"@type":"ReadAction","target":["https:\/\/www.kick-point.com\/de\/rewe-promotion-zum-saisonstart-des-bvb\/"]}]},{"@type":"WebSite","@id":"https:\/\/www.kick-point.com\/de\/#website","url":"https:\/\/www.kick-point.com\/de\/","name":"Kick-Point","description":"Events und Event-Module rund um das elektronische Fu\u00dfballtor","potentialAction":[{"@type":"SearchAction","target":{"@type":"EntryPoint","urlTemplate":"https:\/\/www.kick-point.com\/de\/?s={search_term_string}"},"query-input":"required name=search_term_string"}],"inLanguage":"de"},{"@type":"Person","@id":"https:\/\/www.kick-point.com\/de\/#\/schema\/person\/0d4febd75b0529e26699f6a80aad67b3","name":"Bastian"}]}},"_links":{"self":[{"href":"https:\/\/www.kick-point.com\/de\/wp-json\/wp\/v2\/posts\/84660","targetHints":{"allow":["GET"]}}],"collection":[{"href":"https:\/\/www.kick-point.com\/de\/wp-json\/wp\/v2\/posts"}],"about":[{"href":"https:\/\/www.kick-point.com\/de\/wp-json\/wp\/v2\/types\/post"}],"author":[{"embeddable":true,"href":"https:\/\/www.kick-point.com\/de\/wp-json\/wp\/v2\/users\/12"}],"replies":[{"embeddable":true,"href":"https:\/\/www.kick-point.com\/de\/wp-json\/wp\/v2\/comments?post=84660"}],"version-history":[{"count":15,"href":"https:\/\/www.kick-point.com\/de\/wp-json\/wp\/v2\/posts\/84660\/revisions"}],"predecessor-version":[{"id":84821,"href":"https:\/\/www.kick-point.com\/de\/wp-json\/wp\/v2\/posts\/84660\/revisions\/84821"}],"wp:attachment":[{"href":"https:\/\/www.kick-point.com\/de\/wp-json\/wp\/v2\/media?parent=84660"}],"wp:term":[{"taxonomy":"category","embeddable":true,"href":"https:\/\/www.kick-point.com\/de\/wp-json\/wp\/v2\/categories?post=84660"},{"taxonomy":"post_tag","embeddable":true,"href":"https:\/\/www.kick-point.com\/de\/wp-json\/wp\/v2\/tags?post=84660"}],"curies":[{"name":"wp","href":"https:\/\/api.w.org\/{rel}","templated":true}]}}